{"id":2787,"date":"2026-04-15T14:51:34","date_gmt":"2026-04-15T12:51:34","guid":{"rendered":"https:\/\/www.la-longere-des-capucines.fr\/?p=2787"},"modified":"2026-04-15T14:53:10","modified_gmt":"2026-04-15T12:53:10","slug":"summer-guided-tour-guebwiller-june-2026","status":"publish","type":"post","link":"https:\/\/www.la-longere-des-capucines.fr\/en\/summer-guided-tour-guebwiller-june-2026\/","title":{"rendered":"Summer guided tour of Guebwiller: a walk through two heritage parks"},"content":{"rendered":"<blockquote><p>On Saturday 6 June 2026, the Guebwiller region is offering a free, original guided tour of two emblematic green areas of the town's heritage: the park of the Ch\u00e2teau de la Neuenbourg and the Parc de la Marseillaise.<\/p>\n<p>Organised by a guide from the Pays d'art et d'histoire, this cultural walk invites visitors to explore the history, development and uses of these walkways in the heart of the town.<br \/>\n<strong><br \/>\nWant to stay close to Guebwiller?<\/strong><br \/>\n<a href=\"https:\/\/www.la-longere-des-capucines.fr\/en\/charming-gites-near-guebwiller\/\">Discover our charming g\u00eetes near Guebwiller<\/a><\/p><\/blockquote>\n<h2>Discovering the Neuenbourg park<\/h2>\n<p><strong>The tour starts at 1.30pm at Ch\u00e2teau de la Neuenbourg.<\/strong><br \/>\nFor around 30 minutes, the guide will explain the history of the site and the special features of this historic park, a veritable green setting in an urban environment.<\/p>\n<h2>The Parc de la Marseillaise, between nature and history<\/h2>\n<table style=\"border-collapse: collapse; width: 100%;\">\n<tbody>\n<tr>\n<td style=\"width: 50%;\"><img loading=\"lazy\" decoding=\"async\" class=\"alignnone size-large wp-image-2796\" title=\"parc marseillaise guebwiller\" src=\"https:\/\/www.la-longere-des-capucines.fr\/wp-content\/uploads\/parc-marseillaise-guebwiller-1024x768.jpg\" alt=\"parc marseillaise guebwiller\" width=\"1024\" height=\"768\" srcset=\"https:\/\/www.la-longere-des-capucines.fr\/wp-content\/uploads\/parc-marseillaise-guebwiller-1024x768.jpg 1024w, https:\/\/www.la-longere-des-capucines.fr\/wp-content\/uploads\/parc-marseillaise-guebwiller-768x576.jpg 768w\" sizes=\"auto, (max-width: 1024px) 100vw, 1024px\" \/><\/td>\n<td style=\"width: 50%;\"><img loading=\"lazy\" decoding=\"async\" class=\"alignnone size-large wp-image-2795\" title=\"park marseillaise stelle guebwiller\" src=\"https:\/\/www.la-longere-des-capucines.fr\/wp-content\/uploads\/parc-marseillaise-stelle-guebwiller-1024x768.jpg\" alt=\"park marseillaise stelle guebwiller\" width=\"1024\" height=\"768\" srcset=\"https:\/\/www.la-longere-des-capucines.fr\/wp-content\/uploads\/parc-marseillaise-stelle-guebwiller-1024x768.jpg 1024w, https:\/\/www.la-longere-des-capucines.fr\/wp-content\/uploads\/parc-marseillaise-stelle-guebwiller-768x576.jpg 768w\" sizes=\"auto, (max-width: 1024px) 100vw, 1024px\" \/><\/td>\n<\/tr>\n<\/tbody>\n<\/table>\n<p>At 2pm, the walk continues through the <strong>Parc de la Marseillaise<\/strong>, another emblematic space in <strong>Guebwiller<\/strong>.<br \/>\nVisitors can discover how it has changed over time, its social functions and its role in local life.<\/p>\n<h2>Immerse yourself in Guebwiller's landscape heritage<\/h2>\n<p>This tour highlights two complementary parks that bear witness to urban development and the uses to which nature has been put in the city: places for relaxation, meetings and collective memory.<\/p>\n<p>Combining history, landscape architecture and living heritage, this walk offers an original look at the town of Guebwiller and its identity.<\/p>\n<h2>Practical information - Summer guided tour June 2026 Guebwiller<\/h2>\n<ul>\n<li>Saturday 6 June 2026<\/li>\n<li>From 1.30pm<\/li>\n<li>Rendezvous at Ch\u00e2teau de la Neuenbourg<\/li>\n<li>Duration: 2 x 30-minute visits<\/li>\n<li>Free - no reservation required<\/li>\n<li>You can take part in just one of the two tours<\/li>\n<\/ul>\n<h2>Extend your discovery: stay at the Long\u00e8re des Capucines in Bergholtz, near Guebwiller<\/h2>\n<p>After this cultural interlude in the heart of Guebwiller, there's nothing quite like a <strong>charming accommodation<\/strong> to extend the experience in a peaceful, authentic setting.<\/p>\n<p>In the immediate vicinity of the sites to be visited, La Long\u00e8re des Capucines offers comfortable accommodation, ideal for a stay combining nature, heritage and relaxation.<\/p>\n<p>We offer you a <a href=\"https:\/\/www.la-longere-des-capucines.fr\/en\/accommodation\/apartment-rental-bergholtz-alsace\/\">spacious flat in Bergholtz<\/a> (for up to 6 people) :<\/p>\n<table style=\"border-collapse: collapse; width: 100%;\">\n<tbody>\n<tr>\n<td style=\"width: 50%;\"><img loading=\"lazy\" decoding=\"async\" class=\"alignnone size-large wp-image-1649\" title=\"\" src=\"https:\/\/www.la-longere-des-capucines.fr\/wp-content\/uploads\/ecrin-des-capucines-gite-alsace-location-bergholtz-1024x683.jpg\" alt=\"ecrin des capucines gite alsace location bergholtz\" width=\"1024\" height=\"683\" srcset=\"https:\/\/www.la-longere-des-capucines.fr\/wp-content\/uploads\/ecrin-des-capucines-gite-alsace-location-bergholtz-1024x683.jpg 1024w, https:\/\/www.la-longere-des-capucines.fr\/wp-content\/uploads\/ecrin-des-capucines-gite-alsace-location-bergholtz-768x512.jpg 768w\" sizes=\"auto, (max-width: 1024px) 100vw, 1024px\" \/><\/td>\n<td style=\"width: 50%;\"><img loading=\"lazy\" decoding=\"async\" class=\"alignnone size-large wp-image-2243\" title=\"gite alsace bergholtz\" src=\"https:\/\/www.la-longere-des-capucines.fr\/wp-content\/uploads\/gite-alsace-bergholtz-1024x683.jpg\" alt=\"gite alsace bergholtz\" width=\"1024\" height=\"683\" srcset=\"https:\/\/www.la-longere-des-capucines.fr\/wp-content\/uploads\/gite-alsace-bergholtz-1024x683.jpg 1024w, https:\/\/www.la-longere-des-capucines.fr\/wp-content\/uploads\/gite-alsace-bergholtz-768x512.jpg 768w\" sizes=\"auto, (max-width: 1024px) 100vw, 1024px\" \/><\/td>\n<\/tr>\n<\/tbody>\n<\/table>\n<p>We also offer a <a href=\"https:\/\/www.la-longere-des-capucines.fr\/en\/accommodation\/studio-rental-in-bergholtz-alsace\/\">studio in our charming 3-star g\u00eete in Alsace<\/a> :<\/p>\n<table style=\"border-collapse: collapse; width: 100%;\">\n<tbody>\n<tr>\n<td style=\"width: 50%;\"><img loading=\"lazy\" decoding=\"async\" class=\"alignnone size-large wp-image-2081\" title=\"\" src=\"https:\/\/www.la-longere-des-capucines.fr\/wp-content\/uploads\/longere-bergholtz-1024x683.jpg\" alt=\"Bergholtz farmhouse\" width=\"1024\" height=\"683\" srcset=\"https:\/\/www.la-longere-des-capucines.fr\/wp-content\/uploads\/longere-bergholtz-1024x683.jpg 1024w, https:\/\/www.la-longere-des-capucines.fr\/wp-content\/uploads\/longere-bergholtz-768x512.jpg 768w\" sizes=\"auto, (max-width: 1024px) 100vw, 1024px\" \/><\/td>\n<td style=\"width: 50%;\"><img loading=\"lazy\" decoding=\"async\" class=\"alignnone size-large wp-image-1719\" title=\"Alsace terrace studio\" src=\"https:\/\/www.la-longere-des-capucines.fr\/wp-content\/uploads\/alsace-terrasse-studio-1024x683.jpg\" alt=\"Alsace terrace studio\" width=\"1024\" height=\"683\" srcset=\"https:\/\/www.la-longere-des-capucines.fr\/wp-content\/uploads\/alsace-terrasse-studio-1024x683.jpg 1024w, https:\/\/www.la-longere-des-capucines.fr\/wp-content\/uploads\/alsace-terrasse-studio-768x512.jpg 768w\" sizes=\"auto, (max-width: 1024px) 100vw, 1024px\" \/><\/td>\n<\/tr>\n<\/tbody>\n<\/table>","protected":false},"excerpt":{"rendered":"<p>Le samedi 6 juin 2026, la r\u00e9gion de Guebwiller propose une visite guid\u00e9e gratuite et originale, \u00e0 la d\u00e9couverte de deux espaces verts embl\u00e9matiques du patrimoine urbain : le parc du ch\u00e2teau de la Neuenbourg et le parc de la Marseillaise. Organis\u00e9e par un guide-conf\u00e9rencier du Pays d\u2019art et d\u2019histoire, cette balade culturelle invite les [&hellip;]<\/p>","protected":false},"author":2,"featured_media":2796,"comment_status":"closed","ping_status":"closed","sticky":false,"template":"","format":"standard","meta":{"_acf_changed":false,"inline_featured_image":false,"footnotes":""},"categories":[1],"tags":[],"class_list":["post-2787","post","type-post","status-publish","format-standard","has-post-thumbnail","hentry","category-actualites"],"acf":[],"_links":{"self":[{"href":"https:\/\/www.la-longere-des-capucines.fr\/en\/wp-json\/wp\/v2\/posts\/2787","targetHints":{"allow":["GET"]}}],"collection":[{"href":"https:\/\/www.la-longere-des-capucines.fr\/en\/wp-json\/wp\/v2\/posts"}],"about":[{"href":"https:\/\/www.la-longere-des-capucines.fr\/en\/wp-json\/wp\/v2\/types\/post"}],"author":[{"embeddable":true,"href":"https:\/\/www.la-longere-des-capucines.fr\/en\/wp-json\/wp\/v2\/users\/2"}],"replies":[{"embeddable":true,"href":"https:\/\/www.la-longere-des-capucines.fr\/en\/wp-json\/wp\/v2\/comments?post=2787"}],"version-history":[{"count":0,"href":"https:\/\/www.la-longere-des-capucines.fr\/en\/wp-json\/wp\/v2\/posts\/2787\/revisions"}],"wp:featuredmedia":[{"embeddable":true,"href":"https:\/\/www.la-longere-des-capucines.fr\/en\/wp-json\/wp\/v2\/media\/2796"}],"wp:attachment":[{"href":"https:\/\/www.la-longere-des-capucines.fr\/en\/wp-json\/wp\/v2\/media?parent=2787"}],"wp:term":[{"taxonomy":"category","embeddable":true,"href":"https:\/\/www.la-longere-des-capucines.fr\/en\/wp-json\/wp\/v2\/categories?post=2787"},{"taxonomy":"post_tag","embeddable":true,"href":"https:\/\/www.la-longere-des-capucines.fr\/en\/wp-json\/wp\/v2\/tags?post=2787"}],"curies":[{"name":"wp","href":"https:\/\/api.w.org\/{rel}","templated":true}]}}