{"id":2787,"date":"2026-04-15T14:51:34","date_gmt":"2026-04-15T12:51:34","guid":{"rendered":"https:\/\/www.la-longere-des-capucines.fr\/?p=2787"},"modified":"2026-04-15T14:53:10","modified_gmt":"2026-04-15T12:53:10","slug":"sommerliche-fuhrung-guebwiller-juni-2026","status":"publish","type":"post","link":"https:\/\/www.la-longere-des-capucines.fr\/de\/sommerliche-fuhrung-guebwiller-juni-2026\/","title":{"rendered":"Sommerliche Stadtf\u00fchrung in Guebwiller: Spaziergang zwischen zwei Erbgutparks"},"content":{"rendered":"<blockquote><p>Am Samstag, den 6. Juni 2026, bietet die Region Guebwiller eine kostenlose und originelle F\u00fchrung an, bei der Sie zwei symboltr\u00e4chtige Gr\u00fcnfl\u00e4chen des st\u00e4dtischen Erbes entdecken k\u00f6nnen: den Park des Schlosses Neuenbourg und den Park der Marseillaise.<\/p>\n<p>Dieser kulturelle Spaziergang wird von einem Fremdenf\u00fchrer des Pays d'art et d'histoire organisiert und l\u00e4dt die Besucher dazu ein, die Geschichte, die Entwicklung und die Nutzung dieser Spazierwege im Herzen der Stadt zu erkunden.<br \/>\n<strong><br \/>\nM\u00f6chten Sie sich in der N\u00e4he von Guebwiller aufhalten?<\/strong><br \/>\n<a href=\"https:\/\/www.la-longere-des-capucines.fr\/de\/ferienwohnungen-charme-in-der-nahe-von-guebwiller\/\">Entdecken Sie unsere charmanten Ferienh\u00e4user in der N\u00e4he von Guebwiller<\/a><\/p><\/blockquote>\n<h2>Eine Entdeckung des Neuenburger Parks<\/h2>\n<p><strong>Die Tour beginnt um 13:30 Uhr im Schloss Neuenbourg.<\/strong><br \/>\nEtwa 30 Minuten lang erl\u00e4utert der Fremdenf\u00fchrer die Geschichte des Ortes und die Besonderheiten dieses historischen Parks, der ein wahres gr\u00fcnes Schmuckk\u00e4stchen inmitten der Stadt ist.<\/p>\n<h2>Der Parc de la Marseillaise, zwischen Natur und Geschichte<\/h2>\n<table style=\"border-collapse: collapse; width: 100%;\">\n<tbody>\n<tr>\n<td style=\"width: 50%;\"><img loading=\"lazy\" decoding=\"async\" class=\"alignnone size-large wp-image-2796\" title=\"parc marseillaise guebwiller\" src=\"https:\/\/www.la-longere-des-capucines.fr\/wp-content\/uploads\/parc-marseillaise-guebwiller-1024x768.jpg\" alt=\"parc marseillaise guebwiller\" width=\"1024\" height=\"768\" srcset=\"https:\/\/www.la-longere-des-capucines.fr\/wp-content\/uploads\/parc-marseillaise-guebwiller-1024x768.jpg 1024w, https:\/\/www.la-longere-des-capucines.fr\/wp-content\/uploads\/parc-marseillaise-guebwiller-768x576.jpg 768w\" sizes=\"auto, (max-width: 1024px) 100vw, 1024px\" \/><\/td>\n<td style=\"width: 50%;\"><img loading=\"lazy\" decoding=\"async\" class=\"alignnone size-large wp-image-2795\" title=\"parc marseillaise stelle guebwiller\" src=\"https:\/\/www.la-longere-des-capucines.fr\/wp-content\/uploads\/parc-marseillaise-stelle-guebwiller-1024x768.jpg\" alt=\"parc marseillaise stelle guebwiller\" width=\"1024\" height=\"768\" srcset=\"https:\/\/www.la-longere-des-capucines.fr\/wp-content\/uploads\/parc-marseillaise-stelle-guebwiller-1024x768.jpg 1024w, https:\/\/www.la-longere-des-capucines.fr\/wp-content\/uploads\/parc-marseillaise-stelle-guebwiller-768x576.jpg 768w\" sizes=\"auto, (max-width: 1024px) 100vw, 1024px\" \/><\/td>\n<\/tr>\n<\/tbody>\n<\/table>\n<p>Um 14 Uhr geht der Spaziergang weiter in den <strong>parc de la Marseillaise<\/strong>, ein weiterer symboltr\u00e4chtiger Raum in <strong>Guebwiller<\/strong>.<br \/>\nDie Besucher erfahren dort mehr \u00fcber seine Ver\u00e4nderungen im Laufe der Zeit, seine sozialen Funktionen und seine Rolle im lokalen Leben.<\/p>\n<h2>Eintauchen in das landschaftliche Erbe von Guebwiller<\/h2>\n<p>Dieser Rundgang beleuchtet zwei sich erg\u00e4nzende Parks, die von der st\u00e4dtischen Entwicklung und der Nutzung der Natur in der Stadt zeugen: Orte der Entspannung, der Begegnung und des kollektiven Ged\u00e4chtnisses.<\/p>\n<p>Zwischen Geschichte, Landschaftsarchitektur und lebendigem Kulturerbe bietet dieser Spaziergang einen originellen Blick auf die Stadt Guebwiller und ihre Identit\u00e4t.<\/p>\n<h2>Praktische Informationen - Sommerf\u00fchrung Juni 2026 Guebwiller<\/h2>\n<ul>\n<li>Samstag, 6. Juni 2026<\/li>\n<li>Ab 13:30 Uhr<\/li>\n<li>Treffpunkt: Schloss Neuenbourg<\/li>\n<li>Dauer: 2 Besuche \u00e0 30 Minuten<\/li>\n<li>Kostenlos - ohne Reservierung<\/li>\n<li>M\u00f6glichkeit, nur an einem der beiden Besuche teilzunehmen<\/li>\n<\/ul>\n<h2>Die Entdeckung verl\u00e4ngern: Aufenthalt in der Long\u00e8re des Capucines in Bergholtz, in der N\u00e4he von Guebwiller<\/h2>\n<p>Nach dieser kulturellen Auszeit im Herzen von Guebwiller gibt es nichts Besseres als ein <strong>charmante Unterkunft<\/strong> um das Erlebnis in einer friedlichen und authentischen Umgebung zu verl\u00e4ngern.<\/p>\n<p>In unmittelbarer N\u00e4he der besuchten Sehensw\u00fcrdigkeiten bietet die Long\u00e8re des Capucines Unterk\u00fcnfte mit allem Komfort, die ideal f\u00fcr einen Aufenthalt zwischen Natur, Kulturerbe und Entspannung sind.<\/p>\n<p>Wir bieten Ihnen einen <a href=\"https:\/\/www.la-longere-des-capucines.fr\/de\/unterkunft\/wohnung-mieten-in-bergholz-elsass\/\">ger\u00e4umige Wohnung in Bergholtz<\/a> (bis zu 6 Personen) :<\/p>\n<table style=\"border-collapse: collapse; width: 100%;\">\n<tbody>\n<tr>\n<td style=\"width: 50%;\"><img loading=\"lazy\" decoding=\"async\" class=\"alignnone size-large wp-image-1649\" title=\"\" src=\"https:\/\/www.la-longere-des-capucines.fr\/wp-content\/uploads\/ecrin-des-capucines-gite-alsace-location-bergholtz-1024x683.jpg\" alt=\"ecrin des capucines ferienwohnung elsass vermietung bergholtz\" width=\"1024\" height=\"683\" srcset=\"https:\/\/www.la-longere-des-capucines.fr\/wp-content\/uploads\/ecrin-des-capucines-gite-alsace-location-bergholtz-1024x683.jpg 1024w, https:\/\/www.la-longere-des-capucines.fr\/wp-content\/uploads\/ecrin-des-capucines-gite-alsace-location-bergholtz-768x512.jpg 768w\" sizes=\"auto, (max-width: 1024px) 100vw, 1024px\" \/><\/td>\n<td style=\"width: 50%;\"><img loading=\"lazy\" decoding=\"async\" class=\"alignnone size-large wp-image-2243\" title=\"ferienwohnung elsass bergholtz\" src=\"https:\/\/www.la-longere-des-capucines.fr\/wp-content\/uploads\/gite-alsace-bergholtz-1024x683.jpg\" alt=\"ferienwohnung elsass bergholtz\" width=\"1024\" height=\"683\" srcset=\"https:\/\/www.la-longere-des-capucines.fr\/wp-content\/uploads\/gite-alsace-bergholtz-1024x683.jpg 1024w, https:\/\/www.la-longere-des-capucines.fr\/wp-content\/uploads\/gite-alsace-bergholtz-768x512.jpg 768w\" sizes=\"auto, (max-width: 1024px) 100vw, 1024px\" \/><\/td>\n<\/tr>\n<\/tbody>\n<\/table>\n<p>Wir bieten Ihnen auch einen <a href=\"https:\/\/www.la-longere-des-capucines.fr\/de\/unterkunft\/vermietung-studio-bergholtz-elsass\/\">Studio in unserem charmanten 3-Sterne-Ferienhaus im Elsass<\/a> :<\/p>\n<table style=\"border-collapse: collapse; width: 100%;\">\n<tbody>\n<tr>\n<td style=\"width: 50%;\"><img loading=\"lazy\" decoding=\"async\" class=\"alignnone size-large wp-image-2081\" title=\"\" src=\"https:\/\/www.la-longere-des-capucines.fr\/wp-content\/uploads\/longere-bergholtz-1024x683.jpg\" alt=\"Langhaus Bergholtz\" width=\"1024\" height=\"683\" srcset=\"https:\/\/www.la-longere-des-capucines.fr\/wp-content\/uploads\/longere-bergholtz-1024x683.jpg 1024w, https:\/\/www.la-longere-des-capucines.fr\/wp-content\/uploads\/longere-bergholtz-768x512.jpg 768w\" sizes=\"auto, (max-width: 1024px) 100vw, 1024px\" \/><\/td>\n<td style=\"width: 50%;\"><img loading=\"lazy\" decoding=\"async\" class=\"alignnone size-large wp-image-1719\" title=\"Elsass Terrasse Studio\" src=\"https:\/\/www.la-longere-des-capucines.fr\/wp-content\/uploads\/alsace-terrasse-studio-1024x683.jpg\" alt=\"Elsass Terrasse Studio\" width=\"1024\" height=\"683\" srcset=\"https:\/\/www.la-longere-des-capucines.fr\/wp-content\/uploads\/alsace-terrasse-studio-1024x683.jpg 1024w, https:\/\/www.la-longere-des-capucines.fr\/wp-content\/uploads\/alsace-terrasse-studio-768x512.jpg 768w\" sizes=\"auto, (max-width: 1024px) 100vw, 1024px\" \/><\/td>\n<\/tr>\n<\/tbody>\n<\/table>","protected":false},"excerpt":{"rendered":"<p>Le samedi 6 juin 2026, la r\u00e9gion de Guebwiller propose une visite guid\u00e9e gratuite et originale, \u00e0 la d\u00e9couverte de deux espaces verts embl\u00e9matiques du patrimoine urbain : le parc du ch\u00e2teau de la Neuenbourg et le parc de la Marseillaise. Organis\u00e9e par un guide-conf\u00e9rencier du Pays d\u2019art et d\u2019histoire, cette balade culturelle invite les [&hellip;]<\/p>","protected":false},"author":2,"featured_media":2796,"comment_status":"closed","ping_status":"closed","sticky":false,"template":"","format":"standard","meta":{"_acf_changed":false,"inline_featured_image":false,"footnotes":""},"categories":[1],"tags":[],"class_list":["post-2787","post","type-post","status-publish","format-standard","has-post-thumbnail","hentry","category-actualites"],"acf":[],"_links":{"self":[{"href":"https:\/\/www.la-longere-des-capucines.fr\/de\/wp-json\/wp\/v2\/posts\/2787","targetHints":{"allow":["GET"]}}],"collection":[{"href":"https:\/\/www.la-longere-des-capucines.fr\/de\/wp-json\/wp\/v2\/posts"}],"about":[{"href":"https:\/\/www.la-longere-des-capucines.fr\/de\/wp-json\/wp\/v2\/types\/post"}],"author":[{"embeddable":true,"href":"https:\/\/www.la-longere-des-capucines.fr\/de\/wp-json\/wp\/v2\/users\/2"}],"replies":[{"embeddable":true,"href":"https:\/\/www.la-longere-des-capucines.fr\/de\/wp-json\/wp\/v2\/comments?post=2787"}],"version-history":[{"count":0,"href":"https:\/\/www.la-longere-des-capucines.fr\/de\/wp-json\/wp\/v2\/posts\/2787\/revisions"}],"wp:featuredmedia":[{"embeddable":true,"href":"https:\/\/www.la-longere-des-capucines.fr\/de\/wp-json\/wp\/v2\/media\/2796"}],"wp:attachment":[{"href":"https:\/\/www.la-longere-des-capucines.fr\/de\/wp-json\/wp\/v2\/media?parent=2787"}],"wp:term":[{"taxonomy":"category","embeddable":true,"href":"https:\/\/www.la-longere-des-capucines.fr\/de\/wp-json\/wp\/v2\/categories?post=2787"},{"taxonomy":"post_tag","embeddable":true,"href":"https:\/\/www.la-longere-des-capucines.fr\/de\/wp-json\/wp\/v2\/tags?post=2787"}],"curies":[{"name":"wp","href":"https:\/\/api.w.org\/{rel}","templated":true}]}}